{"id":219,"date":"2019-07-01T12:33:10","date_gmt":"2019-07-01T10:33:10","guid":{"rendered":"https:\/\/www.harlander-stiftung.de\/?p=219"},"modified":"2019-07-01T12:47:44","modified_gmt":"2019-07-01T10:47:44","slug":"harlander-stiftungs-sommer-cup-2019-ein-voller-erfolg","status":"publish","type":"post","link":"https:\/\/www.harlander-stiftung.de\/?p=219","title":{"rendered":"Harlander-Stiftungs-Sommer-Cup 2019 ein voller Erfolg"},"content":{"rendered":"<h2>Ein herzliches Dankesch\u00f6n<\/h2>\n<p>Hatten wir im <a href=\"https:\/\/www.harlander-stiftung.de\/?p=201\">letzten Jahr beim Harlander-Stiftungs-Sommer-Cup<\/a> zwei Tage lang Dauerregen, beschenkte uns dieses Jahr am Samstag und Sonntag das Wetter mit H\u00f6chsttemperaturen. Dennoch haben die Spieler, Zuschauer und das Team des <a href=\"https:\/\/sv-heimstetten.de\">SV-Heimstetten<\/a> ihr Bestes gegeben und das Turnier trotz Bullenhitze zu einem tollen Fest gemacht. Wir von der Stiftung m\u00f6chten allen ganz herzlich daf\u00fcr danken. Ihr habt alle dazu beigetragen, das Leben ein St\u00fcck lebenswerter zu machen. Denn was ist das Leben schon anderes, als miteinander zusammenzuarbeiten, zu feiern und f\u00fcreinander einzustehen.<\/p>\n<h2>Impressionen vom Turnier<\/h2>\n<figure id=\"attachment_223\" aria-describedby=\"caption-attachment-223\" style=\"width: 600px\" class=\"wp-caption alignnone\"><img loading=\"lazy\" decoding=\"async\" class=\"wp-image-223 size-full\" src=\"https:\/\/www.harlander-stiftung.de\/wp-content\/uploads\/2019\/07\/20190630_111730-1.jpg\" alt=\"\" width=\"600\" height=\"450\" srcset=\"https:\/\/www.harlander-stiftung.de\/wp-content\/uploads\/2019\/07\/20190630_111730-1.jpg 600w, https:\/\/www.harlander-stiftung.de\/wp-content\/uploads\/2019\/07\/20190630_111730-1-300x225.jpg 300w\" sizes=\"auto, (max-width: 600px) 100vw, 600px\" \/><figcaption id=\"caption-attachment-223\" class=\"wp-caption-text\">Die ganz Kleinen im Stadion der ganz Gro\u00dfen. Warten auf die Siegerehrung!<\/figcaption><\/figure>\n<figure id=\"attachment_222\" aria-describedby=\"caption-attachment-222\" style=\"width: 600px\" class=\"wp-caption alignnone\"><img loading=\"lazy\" decoding=\"async\" class=\"wp-image-222 size-full\" src=\"https:\/\/www.harlander-stiftung.de\/wp-content\/uploads\/2019\/07\/20190630_111836-1.jpg\" alt=\"\" width=\"600\" height=\"450\" srcset=\"https:\/\/www.harlander-stiftung.de\/wp-content\/uploads\/2019\/07\/20190630_111836-1.jpg 600w, https:\/\/www.harlander-stiftung.de\/wp-content\/uploads\/2019\/07\/20190630_111836-1-300x225.jpg 300w\" sizes=\"auto, (max-width: 600px) 100vw, 600px\" \/><figcaption id=\"caption-attachment-222\" class=\"wp-caption-text\">Erster! Die Gastgeber vom SV-Heimstetten konnten das G-Jugend-Turnier am Sonntag gewinnen. Gratulation.<\/figcaption><\/figure>\n<figure id=\"attachment_225\" aria-describedby=\"caption-attachment-225\" style=\"width: 600px\" class=\"wp-caption alignnone\"><img loading=\"lazy\" decoding=\"async\" class=\"wp-image-225 size-full\" src=\"https:\/\/www.harlander-stiftung.de\/wp-content\/uploads\/2019\/07\/20190630_111321-2.jpg\" alt=\"\" width=\"600\" height=\"450\" srcset=\"https:\/\/www.harlander-stiftung.de\/wp-content\/uploads\/2019\/07\/20190630_111321-2.jpg 600w, https:\/\/www.harlander-stiftung.de\/wp-content\/uploads\/2019\/07\/20190630_111321-2-300x225.jpg 300w\" sizes=\"auto, (max-width: 600px) 100vw, 600px\" \/><figcaption id=\"caption-attachment-225\" class=\"wp-caption-text\">Als ob 35 Grad nicht schon genug w\u00e4ren, haben wir am Grill noch kr\u00e4ftig zugeheizt. Da wei\u00df man am Abend, was man geleistet hat.<\/figcaption><\/figure>\n<figure id=\"attachment_224\" aria-describedby=\"caption-attachment-224\" style=\"width: 450px\" class=\"wp-caption alignnone\"><img loading=\"lazy\" decoding=\"async\" class=\"wp-image-224 size-full\" src=\"https:\/\/www.harlander-stiftung.de\/wp-content\/uploads\/2019\/07\/20190630_111521-1-e1561977587776.jpg\" alt=\"\" width=\"450\" height=\"600\" srcset=\"https:\/\/www.harlander-stiftung.de\/wp-content\/uploads\/2019\/07\/20190630_111521-1-e1561977587776.jpg 450w, https:\/\/www.harlander-stiftung.de\/wp-content\/uploads\/2019\/07\/20190630_111521-1-e1561977587776-225x300.jpg 225w\" sizes=\"auto, (max-width: 450px) 100vw, 450px\" \/><figcaption id=\"caption-attachment-224\" class=\"wp-caption-text\">Der wichtigste Mann am Platz. Schorsch an der Eistruhe!<\/figcaption><\/figure>\n<h2>Liebesgr\u00fc\u00dfe an das Team!<\/h2>\n<p>Besonders m\u00f6chten wir uns bei den Organisatoren vom SVH bedanken. Das sind neben vielen weiteren Helfern, Trainern und Eltern vor allem Susanne, Ecky, Philip, Daniela, Veit, Anne, Thilo, Achim, Matthias, Schorsch, Sigi, Julian, u.v.a.m.\u00a0 Ihr seid toll.<\/p>\n<p>Es hat riesigen Spa\u00df gemacht und wir freuen uns immer \u00fcber jeden neuen Helfer im Team der SVH-Jugend.<\/p>\n","protected":false},"excerpt":{"rendered":"<p>Ein herzliches Dankesch\u00f6n Hatten wir im letzten Jahr beim Harlander-Stiftungs-Sommer-Cup zwei Tage lang Dauerregen, beschenkte uns dieses Jahr am Samstag und Sonntag das Wetter mit H\u00f6chsttemperaturen. Dennoch haben die Spieler, Zuschauer und das Team des SV-Heimstetten ihr Bestes gegeben und das Turnier trotz Bullenhitze zu einem tollen Fest gemacht. Wir von der Stiftung m\u00f6chten allen ganz herzlich daf\u00fcr danken. Ihr habt alle dazu beigetragen, das Leben ein St\u00fcck lebenswerter zu&hellip;<\/p>\n","protected":false},"author":1,"featured_media":223,"comment_status":"open","ping_status":"open","sticky":false,"template":"","format":"standard","meta":{"_acf_changed":false,"footnotes":""},"categories":[3],"tags":[],"class_list":["post-219","post","type-post","status-publish","format-standard","has-post-thumbnail","hentry","category-fussball"],"acf":[],"yoast_head":"<!-- This site is optimized with the Yoast SEO plugin v27.5 - https:\/\/yoast.com\/product\/yoast-seo-wordpress\/ -->\n<title>Harlander-Stiftungs-Sommer-Cup 2019 ein voller Erfolg - Harlander-Stiftung<\/title>\n<meta name=\"robots\" content=\"index, follow, max-snippet:-1, max-image-preview:large, max-video-preview:-1\" \/>\n<link rel=\"canonical\" href=\"https:\/\/www.harlander-stiftung.de\/?p=219\" \/>\n<meta property=\"og:locale\" content=\"de_DE\" \/>\n<meta property=\"og:type\" content=\"article\" \/>\n<meta property=\"og:title\" content=\"Harlander-Stiftungs-Sommer-Cup 2019 ein voller Erfolg - Harlander-Stiftung\" \/>\n<meta property=\"og:description\" content=\"Ein herzliches Dankesch\u00f6n Hatten wir im letzten Jahr beim Harlander-Stiftungs-Sommer-Cup zwei Tage lang Dauerregen, beschenkte uns dieses Jahr am Samstag und Sonntag das Wetter mit H\u00f6chsttemperaturen. Dennoch haben die Spieler, Zuschauer und das Team des SV-Heimstetten ihr Bestes gegeben und das Turnier trotz Bullenhitze zu einem tollen Fest gemacht. Wir von der Stiftung m\u00f6chten allen ganz herzlich daf\u00fcr danken. Ihr habt alle dazu beigetragen, das Leben ein St\u00fcck lebenswerter zu&hellip;\" \/>\n<meta property=\"og:url\" content=\"https:\/\/www.harlander-stiftung.de\/?p=219\" \/>\n<meta property=\"og:site_name\" content=\"Harlander-Stiftung\" \/>\n<meta property=\"article:published_time\" content=\"2019-07-01T10:33:10+00:00\" \/>\n<meta property=\"article:modified_time\" content=\"2019-07-01T10:47:44+00:00\" \/>\n<meta property=\"og:image\" content=\"https:\/\/www.harlander-stiftung.de\/wp-content\/uploads\/2019\/07\/20190630_111730-1.jpg\" \/>\n\t<meta property=\"og:image:width\" content=\"600\" \/>\n\t<meta property=\"og:image:height\" content=\"450\" \/>\n\t<meta property=\"og:image:type\" content=\"image\/jpeg\" \/>\n<meta name=\"author\" content=\"Magnus Harlander\" \/>\n<meta name=\"twitter:card\" content=\"summary_large_image\" \/>\n<meta name=\"twitter:label1\" content=\"Verfasst von\" \/>\n\t<meta name=\"twitter:data1\" content=\"Magnus Harlander\" \/>\n\t<meta name=\"twitter:label2\" content=\"Gesch\u00e4tzte Lesezeit\" \/>\n\t<meta name=\"twitter:data2\" content=\"1\u00a0Minute\" \/>\n<script type=\"application\/ld+json\" class=\"yoast-schema-graph\">{\"@context\":\"https:\\\/\\\/schema.org\",\"@graph\":[{\"@type\":\"Article\",\"@id\":\"https:\\\/\\\/www.harlander-stiftung.de\\\/?p=219#article\",\"isPartOf\":{\"@id\":\"https:\\\/\\\/www.harlander-stiftung.de\\\/?p=219\"},\"author\":{\"name\":\"Magnus Harlander\",\"@id\":\"https:\\\/\\\/www.harlander-stiftung.de\\\/#\\\/schema\\\/person\\\/fc8eb70c9efe7cdc5a205a5c8a969216\"},\"headline\":\"Harlander-Stiftungs-Sommer-Cup 2019 ein voller Erfolg\",\"datePublished\":\"2019-07-01T10:33:10+00:00\",\"dateModified\":\"2019-07-01T10:47:44+00:00\",\"mainEntityOfPage\":{\"@id\":\"https:\\\/\\\/www.harlander-stiftung.de\\\/?p=219\"},\"wordCount\":250,\"commentCount\":0,\"publisher\":{\"@id\":\"https:\\\/\\\/www.harlander-stiftung.de\\\/#organization\"},\"image\":{\"@id\":\"https:\\\/\\\/www.harlander-stiftung.de\\\/?p=219#primaryimage\"},\"thumbnailUrl\":\"https:\\\/\\\/www.harlander-stiftung.de\\\/wp-content\\\/uploads\\\/2019\\\/07\\\/20190630_111730-1.jpg\",\"articleSection\":[\"Fu\u00dfball\"],\"inLanguage\":\"de\",\"potentialAction\":[{\"@type\":\"CommentAction\",\"name\":\"Comment\",\"target\":[\"https:\\\/\\\/www.harlander-stiftung.de\\\/?p=219#respond\"]}]},{\"@type\":\"WebPage\",\"@id\":\"https:\\\/\\\/www.harlander-stiftung.de\\\/?p=219\",\"url\":\"https:\\\/\\\/www.harlander-stiftung.de\\\/?p=219\",\"name\":\"Harlander-Stiftungs-Sommer-Cup 2019 ein voller Erfolg - Harlander-Stiftung\",\"isPartOf\":{\"@id\":\"https:\\\/\\\/www.harlander-stiftung.de\\\/#website\"},\"primaryImageOfPage\":{\"@id\":\"https:\\\/\\\/www.harlander-stiftung.de\\\/?p=219#primaryimage\"},\"image\":{\"@id\":\"https:\\\/\\\/www.harlander-stiftung.de\\\/?p=219#primaryimage\"},\"thumbnailUrl\":\"https:\\\/\\\/www.harlander-stiftung.de\\\/wp-content\\\/uploads\\\/2019\\\/07\\\/20190630_111730-1.jpg\",\"datePublished\":\"2019-07-01T10:33:10+00:00\",\"dateModified\":\"2019-07-01T10:47:44+00:00\",\"breadcrumb\":{\"@id\":\"https:\\\/\\\/www.harlander-stiftung.de\\\/?p=219#breadcrumb\"},\"inLanguage\":\"de\",\"potentialAction\":[{\"@type\":\"ReadAction\",\"target\":[\"https:\\\/\\\/www.harlander-stiftung.de\\\/?p=219\"]}]},{\"@type\":\"ImageObject\",\"inLanguage\":\"de\",\"@id\":\"https:\\\/\\\/www.harlander-stiftung.de\\\/?p=219#primaryimage\",\"url\":\"https:\\\/\\\/www.harlander-stiftung.de\\\/wp-content\\\/uploads\\\/2019\\\/07\\\/20190630_111730-1.jpg\",\"contentUrl\":\"https:\\\/\\\/www.harlander-stiftung.de\\\/wp-content\\\/uploads\\\/2019\\\/07\\\/20190630_111730-1.jpg\",\"width\":600,\"height\":450},{\"@type\":\"BreadcrumbList\",\"@id\":\"https:\\\/\\\/www.harlander-stiftung.de\\\/?p=219#breadcrumb\",\"itemListElement\":[{\"@type\":\"ListItem\",\"position\":1,\"name\":\"Startseite\",\"item\":\"https:\\\/\\\/www.harlander-stiftung.de\\\/\"},{\"@type\":\"ListItem\",\"position\":2,\"name\":\"Harlander-Stiftungs-Sommer-Cup 2019 ein voller Erfolg\"}]},{\"@type\":\"WebSite\",\"@id\":\"https:\\\/\\\/www.harlander-stiftung.de\\\/#website\",\"url\":\"https:\\\/\\\/www.harlander-stiftung.de\\\/\",\"name\":\"Harlander-Stiftung\",\"description\":\"Zukunft durch Bildung\",\"publisher\":{\"@id\":\"https:\\\/\\\/www.harlander-stiftung.de\\\/#organization\"},\"potentialAction\":[{\"@type\":\"SearchAction\",\"target\":{\"@type\":\"EntryPoint\",\"urlTemplate\":\"https:\\\/\\\/www.harlander-stiftung.de\\\/?s={search_term_string}\"},\"query-input\":{\"@type\":\"PropertyValueSpecification\",\"valueRequired\":true,\"valueName\":\"search_term_string\"}}],\"inLanguage\":\"de\"},{\"@type\":\"Organization\",\"@id\":\"https:\\\/\\\/www.harlander-stiftung.de\\\/#organization\",\"name\":\"Harlander-Stiftung\",\"url\":\"https:\\\/\\\/www.harlander-stiftung.de\\\/\",\"logo\":{\"@type\":\"ImageObject\",\"inLanguage\":\"de\",\"@id\":\"https:\\\/\\\/www.harlander-stiftung.de\\\/#\\\/schema\\\/logo\\\/image\\\/\",\"url\":\"https:\\\/\\\/www.harlander-stiftung.de\\\/wp-content\\\/uploads\\\/2016\\\/02\\\/cropped-cropped-Galaxy-Desktop-Wallpapers-1.jpg\",\"contentUrl\":\"https:\\\/\\\/www.harlander-stiftung.de\\\/wp-content\\\/uploads\\\/2016\\\/02\\\/cropped-cropped-Galaxy-Desktop-Wallpapers-1.jpg\",\"width\":290,\"height\":70,\"caption\":\"Harlander-Stiftung\"},\"image\":{\"@id\":\"https:\\\/\\\/www.harlander-stiftung.de\\\/#\\\/schema\\\/logo\\\/image\\\/\"}},{\"@type\":\"Person\",\"@id\":\"https:\\\/\\\/www.harlander-stiftung.de\\\/#\\\/schema\\\/person\\\/fc8eb70c9efe7cdc5a205a5c8a969216\",\"name\":\"Magnus Harlander\",\"image\":{\"@type\":\"ImageObject\",\"inLanguage\":\"de\",\"@id\":\"https:\\\/\\\/secure.gravatar.com\\\/avatar\\\/c0cb14d68eb0e3a75c6e2d7b55d51971f2a65174028d92a335310bf7ffec1211?s=96&d=mm&r=g\",\"url\":\"https:\\\/\\\/secure.gravatar.com\\\/avatar\\\/c0cb14d68eb0e3a75c6e2d7b55d51971f2a65174028d92a335310bf7ffec1211?s=96&d=mm&r=g\",\"contentUrl\":\"https:\\\/\\\/secure.gravatar.com\\\/avatar\\\/c0cb14d68eb0e3a75c6e2d7b55d51971f2a65174028d92a335310bf7ffec1211?s=96&d=mm&r=g\",\"caption\":\"Magnus Harlander\"},\"url\":\"https:\\\/\\\/www.harlander-stiftung.de\\\/?author=1\"}]}<\/script>\n<!-- \/ Yoast SEO plugin. -->","yoast_head_json":{"title":"Harlander-Stiftungs-Sommer-Cup 2019 ein voller Erfolg - Harlander-Stiftung","robots":{"index":"index","follow":"follow","max-snippet":"max-snippet:-1","max-image-preview":"max-image-preview:large","max-video-preview":"max-video-preview:-1"},"canonical":"https:\/\/www.harlander-stiftung.de\/?p=219","og_locale":"de_DE","og_type":"article","og_title":"Harlander-Stiftungs-Sommer-Cup 2019 ein voller Erfolg - Harlander-Stiftung","og_description":"Ein herzliches Dankesch\u00f6n Hatten wir im letzten Jahr beim Harlander-Stiftungs-Sommer-Cup zwei Tage lang Dauerregen, beschenkte uns dieses Jahr am Samstag und Sonntag das Wetter mit H\u00f6chsttemperaturen. Dennoch haben die Spieler, Zuschauer und das Team des SV-Heimstetten ihr Bestes gegeben und das Turnier trotz Bullenhitze zu einem tollen Fest gemacht. Wir von der Stiftung m\u00f6chten allen ganz herzlich daf\u00fcr danken. Ihr habt alle dazu beigetragen, das Leben ein St\u00fcck lebenswerter zu&hellip;","og_url":"https:\/\/www.harlander-stiftung.de\/?p=219","og_site_name":"Harlander-Stiftung","article_published_time":"2019-07-01T10:33:10+00:00","article_modified_time":"2019-07-01T10:47:44+00:00","og_image":[{"width":600,"height":450,"url":"https:\/\/www.harlander-stiftung.de\/wp-content\/uploads\/2019\/07\/20190630_111730-1.jpg","type":"image\/jpeg"}],"author":"Magnus Harlander","twitter_card":"summary_large_image","twitter_misc":{"Verfasst von":"Magnus Harlander","Gesch\u00e4tzte Lesezeit":"1\u00a0Minute"},"schema":{"@context":"https:\/\/schema.org","@graph":[{"@type":"Article","@id":"https:\/\/www.harlander-stiftung.de\/?p=219#article","isPartOf":{"@id":"https:\/\/www.harlander-stiftung.de\/?p=219"},"author":{"name":"Magnus Harlander","@id":"https:\/\/www.harlander-stiftung.de\/#\/schema\/person\/fc8eb70c9efe7cdc5a205a5c8a969216"},"headline":"Harlander-Stiftungs-Sommer-Cup 2019 ein voller Erfolg","datePublished":"2019-07-01T10:33:10+00:00","dateModified":"2019-07-01T10:47:44+00:00","mainEntityOfPage":{"@id":"https:\/\/www.harlander-stiftung.de\/?p=219"},"wordCount":250,"commentCount":0,"publisher":{"@id":"https:\/\/www.harlander-stiftung.de\/#organization"},"image":{"@id":"https:\/\/www.harlander-stiftung.de\/?p=219#primaryimage"},"thumbnailUrl":"https:\/\/www.harlander-stiftung.de\/wp-content\/uploads\/2019\/07\/20190630_111730-1.jpg","articleSection":["Fu\u00dfball"],"inLanguage":"de","potentialAction":[{"@type":"CommentAction","name":"Comment","target":["https:\/\/www.harlander-stiftung.de\/?p=219#respond"]}]},{"@type":"WebPage","@id":"https:\/\/www.harlander-stiftung.de\/?p=219","url":"https:\/\/www.harlander-stiftung.de\/?p=219","name":"Harlander-Stiftungs-Sommer-Cup 2019 ein voller Erfolg - Harlander-Stiftung","isPartOf":{"@id":"https:\/\/www.harlander-stiftung.de\/#website"},"primaryImageOfPage":{"@id":"https:\/\/www.harlander-stiftung.de\/?p=219#primaryimage"},"image":{"@id":"https:\/\/www.harlander-stiftung.de\/?p=219#primaryimage"},"thumbnailUrl":"https:\/\/www.harlander-stiftung.de\/wp-content\/uploads\/2019\/07\/20190630_111730-1.jpg","datePublished":"2019-07-01T10:33:10+00:00","dateModified":"2019-07-01T10:47:44+00:00","breadcrumb":{"@id":"https:\/\/www.harlander-stiftung.de\/?p=219#breadcrumb"},"inLanguage":"de","potentialAction":[{"@type":"ReadAction","target":["https:\/\/www.harlander-stiftung.de\/?p=219"]}]},{"@type":"ImageObject","inLanguage":"de","@id":"https:\/\/www.harlander-stiftung.de\/?p=219#primaryimage","url":"https:\/\/www.harlander-stiftung.de\/wp-content\/uploads\/2019\/07\/20190630_111730-1.jpg","contentUrl":"https:\/\/www.harlander-stiftung.de\/wp-content\/uploads\/2019\/07\/20190630_111730-1.jpg","width":600,"height":450},{"@type":"BreadcrumbList","@id":"https:\/\/www.harlander-stiftung.de\/?p=219#breadcrumb","itemListElement":[{"@type":"ListItem","position":1,"name":"Startseite","item":"https:\/\/www.harlander-stiftung.de\/"},{"@type":"ListItem","position":2,"name":"Harlander-Stiftungs-Sommer-Cup 2019 ein voller Erfolg"}]},{"@type":"WebSite","@id":"https:\/\/www.harlander-stiftung.de\/#website","url":"https:\/\/www.harlander-stiftung.de\/","name":"Harlander-Stiftung","description":"Zukunft durch Bildung","publisher":{"@id":"https:\/\/www.harlander-stiftung.de\/#organization"},"potentialAction":[{"@type":"SearchAction","target":{"@type":"EntryPoint","urlTemplate":"https:\/\/www.harlander-stiftung.de\/?s={search_term_string}"},"query-input":{"@type":"PropertyValueSpecification","valueRequired":true,"valueName":"search_term_string"}}],"inLanguage":"de"},{"@type":"Organization","@id":"https:\/\/www.harlander-stiftung.de\/#organization","name":"Harlander-Stiftung","url":"https:\/\/www.harlander-stiftung.de\/","logo":{"@type":"ImageObject","inLanguage":"de","@id":"https:\/\/www.harlander-stiftung.de\/#\/schema\/logo\/image\/","url":"https:\/\/www.harlander-stiftung.de\/wp-content\/uploads\/2016\/02\/cropped-cropped-Galaxy-Desktop-Wallpapers-1.jpg","contentUrl":"https:\/\/www.harlander-stiftung.de\/wp-content\/uploads\/2016\/02\/cropped-cropped-Galaxy-Desktop-Wallpapers-1.jpg","width":290,"height":70,"caption":"Harlander-Stiftung"},"image":{"@id":"https:\/\/www.harlander-stiftung.de\/#\/schema\/logo\/image\/"}},{"@type":"Person","@id":"https:\/\/www.harlander-stiftung.de\/#\/schema\/person\/fc8eb70c9efe7cdc5a205a5c8a969216","name":"Magnus Harlander","image":{"@type":"ImageObject","inLanguage":"de","@id":"https:\/\/secure.gravatar.com\/avatar\/c0cb14d68eb0e3a75c6e2d7b55d51971f2a65174028d92a335310bf7ffec1211?s=96&d=mm&r=g","url":"https:\/\/secure.gravatar.com\/avatar\/c0cb14d68eb0e3a75c6e2d7b55d51971f2a65174028d92a335310bf7ffec1211?s=96&d=mm&r=g","contentUrl":"https:\/\/secure.gravatar.com\/avatar\/c0cb14d68eb0e3a75c6e2d7b55d51971f2a65174028d92a335310bf7ffec1211?s=96&d=mm&r=g","caption":"Magnus Harlander"},"url":"https:\/\/www.harlander-stiftung.de\/?author=1"}]}},"_links":{"self":[{"href":"https:\/\/www.harlander-stiftung.de\/index.php?rest_route=\/wp\/v2\/posts\/219","targetHints":{"allow":["GET"]}}],"collection":[{"href":"https:\/\/www.harlander-stiftung.de\/index.php?rest_route=\/wp\/v2\/posts"}],"about":[{"href":"https:\/\/www.harlander-stiftung.de\/index.php?rest_route=\/wp\/v2\/types\/post"}],"author":[{"embeddable":true,"href":"https:\/\/www.harlander-stiftung.de\/index.php?rest_route=\/wp\/v2\/users\/1"}],"replies":[{"embeddable":true,"href":"https:\/\/www.harlander-stiftung.de\/index.php?rest_route=%2Fwp%2Fv2%2Fcomments&post=219"}],"version-history":[{"count":4,"href":"https:\/\/www.harlander-stiftung.de\/index.php?rest_route=\/wp\/v2\/posts\/219\/revisions"}],"predecessor-version":[{"id":228,"href":"https:\/\/www.harlander-stiftung.de\/index.php?rest_route=\/wp\/v2\/posts\/219\/revisions\/228"}],"wp:featuredmedia":[{"embeddable":true,"href":"https:\/\/www.harlander-stiftung.de\/index.php?rest_route=\/wp\/v2\/media\/223"}],"wp:attachment":[{"href":"https:\/\/www.harlander-stiftung.de\/index.php?rest_route=%2Fwp%2Fv2%2Fmedia&parent=219"}],"wp:term":[{"taxonomy":"category","embeddable":true,"href":"https:\/\/www.harlander-stiftung.de\/index.php?rest_route=%2Fwp%2Fv2%2Fcategories&post=219"},{"taxonomy":"post_tag","embeddable":true,"href":"https:\/\/www.harlander-stiftung.de\/index.php?rest_route=%2Fwp%2Fv2%2Ftags&post=219"}],"curies":[{"name":"wp","href":"https:\/\/api.w.org\/{rel}","templated":true}]}}