{"id":235,"date":"2019-08-15T18:21:09","date_gmt":"2019-08-15T16:21:09","guid":{"rendered":"https:\/\/www.harlander-stiftung.de\/?p=235"},"modified":"2026-01-10T17:12:23","modified_gmt":"2026-01-10T16:12:23","slug":"zuschuss-fuer-die-ausstattung-der-jugendfussballer-des-sv-heimstetten","status":"publish","type":"post","link":"https:\/\/www.harlander-stiftung.de\/?p=235","title":{"rendered":"Zuschuss f\u00fcr die Ausstattung der Jugendfu\u00dfballer des SV Heimstetten"},"content":{"rendered":"\n<p>Der Jugendfu\u00dfball des SV Heimstetten<a href=\"https:\/\/sv-heimstetten.com\/fussball\/\">https:\/\/sv-heimstetten.com\/fussball\/<\/a> macht zwar gerade Sommerpause, aber bald geht es wieder los mit dem Ligabetrieb. Da der <img loading=\"lazy\" decoding=\"async\" class=\"alignleft wp-image-236\" src=\"https:\/\/www.harlander-stiftung.de\/wp-content\/uploads\/2019\/08\/Logo-SVH-Endversion-Komprimiert-228-x-276-248x300.jpg\" alt=\"Logo des SV Heimstetten\" width=\"141\" height=\"171\" \/>SVH sehr viele Jugend-Fu\u00dfballmannschaften aufbietet, ist der Bedarf an Ausstattung wie z.B. Trikots immer gro\u00df.<\/p>\n<p>Um die vorhandenen Trikots\u00e4tze aufwerten und neue anschaffen zu k\u00f6nnen, haben wir auch in diesem Jahr die Jugendfu\u00dfballer des SV Heimstetten unterst\u00fctzt.<\/p>\n<p>Wir w\u00fcnschen viel Spa\u00df und viel Erfolg in der neuen Saison!<\/p>\n","protected":false},"excerpt":{"rendered":"<p>Der Jugendfu\u00dfball des SV Heimstettenhttps:\/\/sv-heimstetten.com\/fussball\/ macht zwar gerade Sommerpause, aber bald geht es wieder los mit dem Ligabetrieb. Da der SVH sehr viele Jugend-Fu\u00dfballmannschaften aufbietet, ist der Bedarf an Ausstattung wie z.B. Trikots immer gro\u00df. Um die vorhandenen Trikots\u00e4tze aufwerten und neue anschaffen zu k\u00f6nnen, haben wir auch in diesem Jahr die Jugendfu\u00dfballer des SV Heimstetten unterst\u00fctzt. Wir w\u00fcnschen viel Spa\u00df und viel Erfolg in der neuen Saison!<\/p>\n","protected":false},"author":2,"featured_media":437,"comment_status":"open","ping_status":"open","sticky":false,"template":"","format":"standard","meta":{"_acf_changed":false,"footnotes":""},"categories":[3,1],"tags":[],"class_list":["post-235","post","type-post","status-publish","format-standard","has-post-thumbnail","hentry","category-fussball","category-uncategorized"],"acf":[],"yoast_head":"<!-- This site is optimized with the Yoast SEO plugin v27.5 - https:\/\/yoast.com\/product\/yoast-seo-wordpress\/ -->\n<title>Zuschuss f\u00fcr die Ausstattung der Jugendfu\u00dfballer des SV Heimstetten - Harlander-Stiftung<\/title>\n<meta name=\"description\" content=\"Jugendfu\u00dfball SV Heimstetten Harlander-Stiftung SVH Fu\u00dfball Jugendmannschaften Trikots Unterst\u00fctzung\" \/>\n<meta name=\"robots\" content=\"index, follow, max-snippet:-1, max-image-preview:large, max-video-preview:-1\" \/>\n<link rel=\"canonical\" href=\"https:\/\/www.harlander-stiftung.de\/?p=235\" \/>\n<meta property=\"og:locale\" content=\"de_DE\" \/>\n<meta property=\"og:type\" content=\"article\" \/>\n<meta property=\"og:title\" content=\"Zuschuss f\u00fcr die Ausstattung der Jugendfu\u00dfballer des SV Heimstetten - Harlander-Stiftung\" \/>\n<meta property=\"og:description\" content=\"Jugendfu\u00dfball SV Heimstetten Harlander-Stiftung SVH Fu\u00dfball Jugendmannschaften Trikots Unterst\u00fctzung\" \/>\n<meta property=\"og:url\" content=\"https:\/\/www.harlander-stiftung.de\/?p=235\" \/>\n<meta property=\"og:site_name\" content=\"Harlander-Stiftung\" \/>\n<meta property=\"article:published_time\" content=\"2019-08-15T16:21:09+00:00\" \/>\n<meta property=\"article:modified_time\" content=\"2026-01-10T16:12:23+00:00\" \/>\n<meta property=\"og:image\" content=\"https:\/\/www.harlander-stiftung.de\/wp-content\/uploads\/2026\/01\/Logo-SVH-Breit.png\" \/>\n\t<meta property=\"og:image:width\" content=\"450\" \/>\n\t<meta property=\"og:image:height\" content=\"182\" \/>\n\t<meta property=\"og:image:type\" content=\"image\/png\" \/>\n<meta name=\"author\" content=\"Michaela Harlander\" \/>\n<meta name=\"twitter:card\" content=\"summary_large_image\" \/>\n<meta name=\"twitter:label1\" content=\"Verfasst von\" \/>\n\t<meta name=\"twitter:data1\" content=\"Michaela Harlander\" \/>\n\t<meta name=\"twitter:label2\" content=\"Gesch\u00e4tzte Lesezeit\" \/>\n\t<meta name=\"twitter:data2\" content=\"1\u00a0Minute\" \/>\n<script type=\"application\/ld+json\" class=\"yoast-schema-graph\">{\"@context\":\"https:\\\/\\\/schema.org\",\"@graph\":[{\"@type\":\"Article\",\"@id\":\"https:\\\/\\\/www.harlander-stiftung.de\\\/?p=235#article\",\"isPartOf\":{\"@id\":\"https:\\\/\\\/www.harlander-stiftung.de\\\/?p=235\"},\"author\":{\"name\":\"Michaela Harlander\",\"@id\":\"https:\\\/\\\/www.harlander-stiftung.de\\\/#\\\/schema\\\/person\\\/0c159d98ebc303f577c571e89d8e2c13\"},\"headline\":\"Zuschuss f\u00fcr die Ausstattung der Jugendfu\u00dfballer des SV Heimstetten\",\"datePublished\":\"2019-08-15T16:21:09+00:00\",\"dateModified\":\"2026-01-10T16:12:23+00:00\",\"mainEntityOfPage\":{\"@id\":\"https:\\\/\\\/www.harlander-stiftung.de\\\/?p=235\"},\"wordCount\":90,\"commentCount\":0,\"publisher\":{\"@id\":\"https:\\\/\\\/www.harlander-stiftung.de\\\/#organization\"},\"image\":{\"@id\":\"https:\\\/\\\/www.harlander-stiftung.de\\\/?p=235#primaryimage\"},\"thumbnailUrl\":\"https:\\\/\\\/www.harlander-stiftung.de\\\/wp-content\\\/uploads\\\/2026\\\/01\\\/Logo-SVH-Breit.png\",\"articleSection\":[\"Fu\u00dfball\",\"Sonstiges\"],\"inLanguage\":\"de\",\"potentialAction\":[{\"@type\":\"CommentAction\",\"name\":\"Comment\",\"target\":[\"https:\\\/\\\/www.harlander-stiftung.de\\\/?p=235#respond\"]}]},{\"@type\":\"WebPage\",\"@id\":\"https:\\\/\\\/www.harlander-stiftung.de\\\/?p=235\",\"url\":\"https:\\\/\\\/www.harlander-stiftung.de\\\/?p=235\",\"name\":\"Zuschuss f\u00fcr die Ausstattung der Jugendfu\u00dfballer des SV Heimstetten - Harlander-Stiftung\",\"isPartOf\":{\"@id\":\"https:\\\/\\\/www.harlander-stiftung.de\\\/#website\"},\"primaryImageOfPage\":{\"@id\":\"https:\\\/\\\/www.harlander-stiftung.de\\\/?p=235#primaryimage\"},\"image\":{\"@id\":\"https:\\\/\\\/www.harlander-stiftung.de\\\/?p=235#primaryimage\"},\"thumbnailUrl\":\"https:\\\/\\\/www.harlander-stiftung.de\\\/wp-content\\\/uploads\\\/2026\\\/01\\\/Logo-SVH-Breit.png\",\"datePublished\":\"2019-08-15T16:21:09+00:00\",\"dateModified\":\"2026-01-10T16:12:23+00:00\",\"description\":\"Jugendfu\u00dfball SV Heimstetten Harlander-Stiftung SVH Fu\u00dfball Jugendmannschaften Trikots Unterst\u00fctzung\",\"breadcrumb\":{\"@id\":\"https:\\\/\\\/www.harlander-stiftung.de\\\/?p=235#breadcrumb\"},\"inLanguage\":\"de\",\"potentialAction\":[{\"@type\":\"ReadAction\",\"target\":[\"https:\\\/\\\/www.harlander-stiftung.de\\\/?p=235\"]}]},{\"@type\":\"ImageObject\",\"inLanguage\":\"de\",\"@id\":\"https:\\\/\\\/www.harlander-stiftung.de\\\/?p=235#primaryimage\",\"url\":\"https:\\\/\\\/www.harlander-stiftung.de\\\/wp-content\\\/uploads\\\/2026\\\/01\\\/Logo-SVH-Breit.png\",\"contentUrl\":\"https:\\\/\\\/www.harlander-stiftung.de\\\/wp-content\\\/uploads\\\/2026\\\/01\\\/Logo-SVH-Breit.png\",\"width\":450,\"height\":182},{\"@type\":\"BreadcrumbList\",\"@id\":\"https:\\\/\\\/www.harlander-stiftung.de\\\/?p=235#breadcrumb\",\"itemListElement\":[{\"@type\":\"ListItem\",\"position\":1,\"name\":\"Startseite\",\"item\":\"https:\\\/\\\/www.harlander-stiftung.de\\\/\"},{\"@type\":\"ListItem\",\"position\":2,\"name\":\"Zuschuss f\u00fcr die Ausstattung der Jugendfu\u00dfballer des SV Heimstetten\"}]},{\"@type\":\"WebSite\",\"@id\":\"https:\\\/\\\/www.harlander-stiftung.de\\\/#website\",\"url\":\"https:\\\/\\\/www.harlander-stiftung.de\\\/\",\"name\":\"Harlander-Stiftung\",\"description\":\"Zukunft durch Bildung\",\"publisher\":{\"@id\":\"https:\\\/\\\/www.harlander-stiftung.de\\\/#organization\"},\"potentialAction\":[{\"@type\":\"SearchAction\",\"target\":{\"@type\":\"EntryPoint\",\"urlTemplate\":\"https:\\\/\\\/www.harlander-stiftung.de\\\/?s={search_term_string}\"},\"query-input\":{\"@type\":\"PropertyValueSpecification\",\"valueRequired\":true,\"valueName\":\"search_term_string\"}}],\"inLanguage\":\"de\"},{\"@type\":\"Organization\",\"@id\":\"https:\\\/\\\/www.harlander-stiftung.de\\\/#organization\",\"name\":\"Harlander-Stiftung\",\"url\":\"https:\\\/\\\/www.harlander-stiftung.de\\\/\",\"logo\":{\"@type\":\"ImageObject\",\"inLanguage\":\"de\",\"@id\":\"https:\\\/\\\/www.harlander-stiftung.de\\\/#\\\/schema\\\/logo\\\/image\\\/\",\"url\":\"https:\\\/\\\/www.harlander-stiftung.de\\\/wp-content\\\/uploads\\\/2016\\\/02\\\/cropped-cropped-Galaxy-Desktop-Wallpapers-1.jpg\",\"contentUrl\":\"https:\\\/\\\/www.harlander-stiftung.de\\\/wp-content\\\/uploads\\\/2016\\\/02\\\/cropped-cropped-Galaxy-Desktop-Wallpapers-1.jpg\",\"width\":290,\"height\":70,\"caption\":\"Harlander-Stiftung\"},\"image\":{\"@id\":\"https:\\\/\\\/www.harlander-stiftung.de\\\/#\\\/schema\\\/logo\\\/image\\\/\"}},{\"@type\":\"Person\",\"@id\":\"https:\\\/\\\/www.harlander-stiftung.de\\\/#\\\/schema\\\/person\\\/0c159d98ebc303f577c571e89d8e2c13\",\"name\":\"Michaela Harlander\",\"image\":{\"@type\":\"ImageObject\",\"inLanguage\":\"de\",\"@id\":\"https:\\\/\\\/secure.gravatar.com\\\/avatar\\\/be0bbd9b80207b69da9cb02193b9a743c2dc85e8e69712b51a6cd1377290c515?s=96&d=mm&r=g\",\"url\":\"https:\\\/\\\/secure.gravatar.com\\\/avatar\\\/be0bbd9b80207b69da9cb02193b9a743c2dc85e8e69712b51a6cd1377290c515?s=96&d=mm&r=g\",\"contentUrl\":\"https:\\\/\\\/secure.gravatar.com\\\/avatar\\\/be0bbd9b80207b69da9cb02193b9a743c2dc85e8e69712b51a6cd1377290c515?s=96&d=mm&r=g\",\"caption\":\"Michaela Harlander\"},\"sameAs\":[\"http:\\\/\\\/www.harlan.de\"],\"url\":\"https:\\\/\\\/www.harlander-stiftung.de\\\/?author=2\"}]}<\/script>\n<!-- \/ Yoast SEO plugin. -->","yoast_head_json":{"title":"Zuschuss f\u00fcr die Ausstattung der Jugendfu\u00dfballer des SV Heimstetten - Harlander-Stiftung","description":"Jugendfu\u00dfball SV Heimstetten Harlander-Stiftung SVH Fu\u00dfball Jugendmannschaften Trikots Unterst\u00fctzung","robots":{"index":"index","follow":"follow","max-snippet":"max-snippet:-1","max-image-preview":"max-image-preview:large","max-video-preview":"max-video-preview:-1"},"canonical":"https:\/\/www.harlander-stiftung.de\/?p=235","og_locale":"de_DE","og_type":"article","og_title":"Zuschuss f\u00fcr die Ausstattung der Jugendfu\u00dfballer des SV Heimstetten - Harlander-Stiftung","og_description":"Jugendfu\u00dfball SV Heimstetten Harlander-Stiftung SVH Fu\u00dfball Jugendmannschaften Trikots Unterst\u00fctzung","og_url":"https:\/\/www.harlander-stiftung.de\/?p=235","og_site_name":"Harlander-Stiftung","article_published_time":"2019-08-15T16:21:09+00:00","article_modified_time":"2026-01-10T16:12:23+00:00","og_image":[{"width":450,"height":182,"url":"https:\/\/www.harlander-stiftung.de\/wp-content\/uploads\/2026\/01\/Logo-SVH-Breit.png","type":"image\/png"}],"author":"Michaela Harlander","twitter_card":"summary_large_image","twitter_misc":{"Verfasst von":"Michaela Harlander","Gesch\u00e4tzte Lesezeit":"1\u00a0Minute"},"schema":{"@context":"https:\/\/schema.org","@graph":[{"@type":"Article","@id":"https:\/\/www.harlander-stiftung.de\/?p=235#article","isPartOf":{"@id":"https:\/\/www.harlander-stiftung.de\/?p=235"},"author":{"name":"Michaela Harlander","@id":"https:\/\/www.harlander-stiftung.de\/#\/schema\/person\/0c159d98ebc303f577c571e89d8e2c13"},"headline":"Zuschuss f\u00fcr die Ausstattung der Jugendfu\u00dfballer des SV Heimstetten","datePublished":"2019-08-15T16:21:09+00:00","dateModified":"2026-01-10T16:12:23+00:00","mainEntityOfPage":{"@id":"https:\/\/www.harlander-stiftung.de\/?p=235"},"wordCount":90,"commentCount":0,"publisher":{"@id":"https:\/\/www.harlander-stiftung.de\/#organization"},"image":{"@id":"https:\/\/www.harlander-stiftung.de\/?p=235#primaryimage"},"thumbnailUrl":"https:\/\/www.harlander-stiftung.de\/wp-content\/uploads\/2026\/01\/Logo-SVH-Breit.png","articleSection":["Fu\u00dfball","Sonstiges"],"inLanguage":"de","potentialAction":[{"@type":"CommentAction","name":"Comment","target":["https:\/\/www.harlander-stiftung.de\/?p=235#respond"]}]},{"@type":"WebPage","@id":"https:\/\/www.harlander-stiftung.de\/?p=235","url":"https:\/\/www.harlander-stiftung.de\/?p=235","name":"Zuschuss f\u00fcr die Ausstattung der Jugendfu\u00dfballer des SV Heimstetten - Harlander-Stiftung","isPartOf":{"@id":"https:\/\/www.harlander-stiftung.de\/#website"},"primaryImageOfPage":{"@id":"https:\/\/www.harlander-stiftung.de\/?p=235#primaryimage"},"image":{"@id":"https:\/\/www.harlander-stiftung.de\/?p=235#primaryimage"},"thumbnailUrl":"https:\/\/www.harlander-stiftung.de\/wp-content\/uploads\/2026\/01\/Logo-SVH-Breit.png","datePublished":"2019-08-15T16:21:09+00:00","dateModified":"2026-01-10T16:12:23+00:00","description":"Jugendfu\u00dfball SV Heimstetten Harlander-Stiftung SVH Fu\u00dfball Jugendmannschaften Trikots Unterst\u00fctzung","breadcrumb":{"@id":"https:\/\/www.harlander-stiftung.de\/?p=235#breadcrumb"},"inLanguage":"de","potentialAction":[{"@type":"ReadAction","target":["https:\/\/www.harlander-stiftung.de\/?p=235"]}]},{"@type":"ImageObject","inLanguage":"de","@id":"https:\/\/www.harlander-stiftung.de\/?p=235#primaryimage","url":"https:\/\/www.harlander-stiftung.de\/wp-content\/uploads\/2026\/01\/Logo-SVH-Breit.png","contentUrl":"https:\/\/www.harlander-stiftung.de\/wp-content\/uploads\/2026\/01\/Logo-SVH-Breit.png","width":450,"height":182},{"@type":"BreadcrumbList","@id":"https:\/\/www.harlander-stiftung.de\/?p=235#breadcrumb","itemListElement":[{"@type":"ListItem","position":1,"name":"Startseite","item":"https:\/\/www.harlander-stiftung.de\/"},{"@type":"ListItem","position":2,"name":"Zuschuss f\u00fcr die Ausstattung der Jugendfu\u00dfballer des SV Heimstetten"}]},{"@type":"WebSite","@id":"https:\/\/www.harlander-stiftung.de\/#website","url":"https:\/\/www.harlander-stiftung.de\/","name":"Harlander-Stiftung","description":"Zukunft durch Bildung","publisher":{"@id":"https:\/\/www.harlander-stiftung.de\/#organization"},"potentialAction":[{"@type":"SearchAction","target":{"@type":"EntryPoint","urlTemplate":"https:\/\/www.harlander-stiftung.de\/?s={search_term_string}"},"query-input":{"@type":"PropertyValueSpecification","valueRequired":true,"valueName":"search_term_string"}}],"inLanguage":"de"},{"@type":"Organization","@id":"https:\/\/www.harlander-stiftung.de\/#organization","name":"Harlander-Stiftung","url":"https:\/\/www.harlander-stiftung.de\/","logo":{"@type":"ImageObject","inLanguage":"de","@id":"https:\/\/www.harlander-stiftung.de\/#\/schema\/logo\/image\/","url":"https:\/\/www.harlander-stiftung.de\/wp-content\/uploads\/2016\/02\/cropped-cropped-Galaxy-Desktop-Wallpapers-1.jpg","contentUrl":"https:\/\/www.harlander-stiftung.de\/wp-content\/uploads\/2016\/02\/cropped-cropped-Galaxy-Desktop-Wallpapers-1.jpg","width":290,"height":70,"caption":"Harlander-Stiftung"},"image":{"@id":"https:\/\/www.harlander-stiftung.de\/#\/schema\/logo\/image\/"}},{"@type":"Person","@id":"https:\/\/www.harlander-stiftung.de\/#\/schema\/person\/0c159d98ebc303f577c571e89d8e2c13","name":"Michaela Harlander","image":{"@type":"ImageObject","inLanguage":"de","@id":"https:\/\/secure.gravatar.com\/avatar\/be0bbd9b80207b69da9cb02193b9a743c2dc85e8e69712b51a6cd1377290c515?s=96&d=mm&r=g","url":"https:\/\/secure.gravatar.com\/avatar\/be0bbd9b80207b69da9cb02193b9a743c2dc85e8e69712b51a6cd1377290c515?s=96&d=mm&r=g","contentUrl":"https:\/\/secure.gravatar.com\/avatar\/be0bbd9b80207b69da9cb02193b9a743c2dc85e8e69712b51a6cd1377290c515?s=96&d=mm&r=g","caption":"Michaela Harlander"},"sameAs":["http:\/\/www.harlan.de"],"url":"https:\/\/www.harlander-stiftung.de\/?author=2"}]}},"_links":{"self":[{"href":"https:\/\/www.harlander-stiftung.de\/index.php?rest_route=\/wp\/v2\/posts\/235","targetHints":{"allow":["GET"]}}],"collection":[{"href":"https:\/\/www.harlander-stiftung.de\/index.php?rest_route=\/wp\/v2\/posts"}],"about":[{"href":"https:\/\/www.harlander-stiftung.de\/index.php?rest_route=\/wp\/v2\/types\/post"}],"author":[{"embeddable":true,"href":"https:\/\/www.harlander-stiftung.de\/index.php?rest_route=\/wp\/v2\/users\/2"}],"replies":[{"embeddable":true,"href":"https:\/\/www.harlander-stiftung.de\/index.php?rest_route=%2Fwp%2Fv2%2Fcomments&post=235"}],"version-history":[{"count":3,"href":"https:\/\/www.harlander-stiftung.de\/index.php?rest_route=\/wp\/v2\/posts\/235\/revisions"}],"predecessor-version":[{"id":443,"href":"https:\/\/www.harlander-stiftung.de\/index.php?rest_route=\/wp\/v2\/posts\/235\/revisions\/443"}],"wp:featuredmedia":[{"embeddable":true,"href":"https:\/\/www.harlander-stiftung.de\/index.php?rest_route=\/wp\/v2\/media\/437"}],"wp:attachment":[{"href":"https:\/\/www.harlander-stiftung.de\/index.php?rest_route=%2Fwp%2Fv2%2Fmedia&parent=235"}],"wp:term":[{"taxonomy":"category","embeddable":true,"href":"https:\/\/www.harlander-stiftung.de\/index.php?rest_route=%2Fwp%2Fv2%2Fcategories&post=235"},{"taxonomy":"post_tag","embeddable":true,"href":"https:\/\/www.harlander-stiftung.de\/index.php?rest_route=%2Fwp%2Fv2%2Ftags&post=235"}],"curies":[{"name":"wp","href":"https:\/\/api.w.org\/{rel}","templated":true}]}}