{"id":454,"date":"2026-01-20T12:07:06","date_gmt":"2026-01-20T11:07:06","guid":{"rendered":"https:\/\/www.harlander-stiftung.de\/?p=454"},"modified":"2026-01-20T12:08:10","modified_gmt":"2026-01-20T11:08:10","slug":"ehrung-fuer-die-harlander-stiftung","status":"publish","type":"post","link":"https:\/\/www.harlander-stiftung.de\/?p=454","title":{"rendered":"Ehrung f\u00fcr die Harlander-Stiftung"},"content":{"rendered":"\n<p>Was f\u00fcr eine \u00dcberraschung! Und was f\u00fcr eine Freude!<\/p>\n<p>Am 16. Januar 2026 fand der Neujahrsempfang der Gemeinde Kirchheim statt. Es ist gute Tradition, dass dort Menschen und Institutionen geehrt werden, die die Gemeinschaft aller Kirchheimerinnen und Kirchheim weiterbringen. Zu den Geehrten geh\u00f6rte diesmal auch die Harlander-Stiftung, die anl\u00e4sslich ihres 10-j\u00e4hrigen Bestehens f\u00fcr ihr Engagement in Kirchheim ausgezeichnet wurde. \u00dcbergeben wurde die Urkunde durch den ersten B\u00fcrgermeister Stephan Keck an die beiden Gr\u00fcnder und Vorst\u00e4nde Dr. Michaela und Dr. Magnus Harlander.<\/p>\n<p>Wir freuen uns aufrichtig \u00fcber diese Anerkennung unserer gemeinn\u00fctzigen Arbeit und nat\u00fcrlich auf die n\u00e4chsten zehn Jahre!<\/p>\n<p>(Foto: Claudia Topel)<\/p>\n","protected":false},"excerpt":{"rendered":"<p>Was f\u00fcr eine \u00dcberraschung! Und was f\u00fcr eine Freude! Am 16. Januar 2026 fand der Neujahrsempfang der Gemeinde Kirchheim statt. Es ist gute Tradition, dass dort Menschen und Institutionen geehrt werden, die die Gemeinschaft aller Kirchheimerinnen und Kirchheim weiterbringen. Zu den Geehrten geh\u00f6rte diesmal auch die Harlander-Stiftung, die anl\u00e4sslich ihres 10-j\u00e4hrigen Bestehens f\u00fcr ihr Engagement in Kirchheim ausgezeichnet wurde. \u00dcbergeben wurde die Urkunde durch den ersten B\u00fcrgermeister Stephan Keck an&hellip;<\/p>\n","protected":false},"author":2,"featured_media":455,"comment_status":"open","ping_status":"open","sticky":false,"template":"","format":"standard","meta":{"_acf_changed":false,"footnotes":""},"categories":[1],"tags":[],"class_list":["post-454","post","type-post","status-publish","format-standard","has-post-thumbnail","hentry","category-uncategorized"],"acf":[],"yoast_head":"<!-- This site is optimized with the Yoast SEO plugin v27.5 - https:\/\/yoast.com\/product\/yoast-seo-wordpress\/ -->\n<title>Ehrung f\u00fcr die Harlander-Stiftung - Harlander-Stiftung<\/title>\n<meta name=\"robots\" content=\"index, follow, max-snippet:-1, max-image-preview:large, max-video-preview:-1\" \/>\n<link rel=\"canonical\" href=\"https:\/\/www.harlander-stiftung.de\/?p=454\" \/>\n<meta property=\"og:locale\" content=\"de_DE\" \/>\n<meta property=\"og:type\" content=\"article\" \/>\n<meta property=\"og:title\" content=\"Ehrung f\u00fcr die Harlander-Stiftung - Harlander-Stiftung\" \/>\n<meta property=\"og:description\" content=\"Was f\u00fcr eine \u00dcberraschung! Und was f\u00fcr eine Freude! Am 16. Januar 2026 fand der Neujahrsempfang der Gemeinde Kirchheim statt. Es ist gute Tradition, dass dort Menschen und Institutionen geehrt werden, die die Gemeinschaft aller Kirchheimerinnen und Kirchheim weiterbringen. Zu den Geehrten geh\u00f6rte diesmal auch die Harlander-Stiftung, die anl\u00e4sslich ihres 10-j\u00e4hrigen Bestehens f\u00fcr ihr Engagement in Kirchheim ausgezeichnet wurde. \u00dcbergeben wurde die Urkunde durch den ersten B\u00fcrgermeister Stephan Keck an&hellip;\" \/>\n<meta property=\"og:url\" content=\"https:\/\/www.harlander-stiftung.de\/?p=454\" \/>\n<meta property=\"og:site_name\" content=\"Harlander-Stiftung\" \/>\n<meta property=\"article:published_time\" content=\"2026-01-20T11:07:06+00:00\" \/>\n<meta property=\"article:modified_time\" content=\"2026-01-20T11:08:10+00:00\" \/>\n<meta property=\"og:image\" content=\"https:\/\/www.harlander-stiftung.de\/wp-content\/uploads\/2026\/01\/Ehrung-1.jpg\" \/>\n\t<meta property=\"og:image:width\" content=\"1772\" \/>\n\t<meta property=\"og:image:height\" content=\"1181\" \/>\n\t<meta property=\"og:image:type\" content=\"image\/jpeg\" \/>\n<meta name=\"author\" content=\"Michaela Harlander\" \/>\n<meta name=\"twitter:card\" content=\"summary_large_image\" \/>\n<meta name=\"twitter:label1\" content=\"Verfasst von\" \/>\n\t<meta name=\"twitter:data1\" content=\"Michaela Harlander\" \/>\n\t<meta name=\"twitter:label2\" content=\"Gesch\u00e4tzte Lesezeit\" \/>\n\t<meta name=\"twitter:data2\" content=\"1\u00a0Minute\" \/>\n<script type=\"application\/ld+json\" class=\"yoast-schema-graph\">{\"@context\":\"https:\\\/\\\/schema.org\",\"@graph\":[{\"@type\":\"Article\",\"@id\":\"https:\\\/\\\/www.harlander-stiftung.de\\\/?p=454#article\",\"isPartOf\":{\"@id\":\"https:\\\/\\\/www.harlander-stiftung.de\\\/?p=454\"},\"author\":{\"name\":\"Michaela Harlander\",\"@id\":\"https:\\\/\\\/www.harlander-stiftung.de\\\/#\\\/schema\\\/person\\\/0c159d98ebc303f577c571e89d8e2c13\"},\"headline\":\"Ehrung f\u00fcr die Harlander-Stiftung\",\"datePublished\":\"2026-01-20T11:07:06+00:00\",\"dateModified\":\"2026-01-20T11:08:10+00:00\",\"mainEntityOfPage\":{\"@id\":\"https:\\\/\\\/www.harlander-stiftung.de\\\/?p=454\"},\"wordCount\":116,\"commentCount\":0,\"publisher\":{\"@id\":\"https:\\\/\\\/www.harlander-stiftung.de\\\/#organization\"},\"image\":{\"@id\":\"https:\\\/\\\/www.harlander-stiftung.de\\\/?p=454#primaryimage\"},\"thumbnailUrl\":\"https:\\\/\\\/www.harlander-stiftung.de\\\/wp-content\\\/uploads\\\/2026\\\/01\\\/Ehrung-1.jpg\",\"articleSection\":[\"Sonstiges\"],\"inLanguage\":\"de\",\"potentialAction\":[{\"@type\":\"CommentAction\",\"name\":\"Comment\",\"target\":[\"https:\\\/\\\/www.harlander-stiftung.de\\\/?p=454#respond\"]}]},{\"@type\":\"WebPage\",\"@id\":\"https:\\\/\\\/www.harlander-stiftung.de\\\/?p=454\",\"url\":\"https:\\\/\\\/www.harlander-stiftung.de\\\/?p=454\",\"name\":\"Ehrung f\u00fcr die Harlander-Stiftung - Harlander-Stiftung\",\"isPartOf\":{\"@id\":\"https:\\\/\\\/www.harlander-stiftung.de\\\/#website\"},\"primaryImageOfPage\":{\"@id\":\"https:\\\/\\\/www.harlander-stiftung.de\\\/?p=454#primaryimage\"},\"image\":{\"@id\":\"https:\\\/\\\/www.harlander-stiftung.de\\\/?p=454#primaryimage\"},\"thumbnailUrl\":\"https:\\\/\\\/www.harlander-stiftung.de\\\/wp-content\\\/uploads\\\/2026\\\/01\\\/Ehrung-1.jpg\",\"datePublished\":\"2026-01-20T11:07:06+00:00\",\"dateModified\":\"2026-01-20T11:08:10+00:00\",\"breadcrumb\":{\"@id\":\"https:\\\/\\\/www.harlander-stiftung.de\\\/?p=454#breadcrumb\"},\"inLanguage\":\"de\",\"potentialAction\":[{\"@type\":\"ReadAction\",\"target\":[\"https:\\\/\\\/www.harlander-stiftung.de\\\/?p=454\"]}]},{\"@type\":\"ImageObject\",\"inLanguage\":\"de\",\"@id\":\"https:\\\/\\\/www.harlander-stiftung.de\\\/?p=454#primaryimage\",\"url\":\"https:\\\/\\\/www.harlander-stiftung.de\\\/wp-content\\\/uploads\\\/2026\\\/01\\\/Ehrung-1.jpg\",\"contentUrl\":\"https:\\\/\\\/www.harlander-stiftung.de\\\/wp-content\\\/uploads\\\/2026\\\/01\\\/Ehrung-1.jpg\",\"width\":1772,\"height\":1181},{\"@type\":\"BreadcrumbList\",\"@id\":\"https:\\\/\\\/www.harlander-stiftung.de\\\/?p=454#breadcrumb\",\"itemListElement\":[{\"@type\":\"ListItem\",\"position\":1,\"name\":\"Startseite\",\"item\":\"https:\\\/\\\/www.harlander-stiftung.de\\\/\"},{\"@type\":\"ListItem\",\"position\":2,\"name\":\"Ehrung f\u00fcr die Harlander-Stiftung\"}]},{\"@type\":\"WebSite\",\"@id\":\"https:\\\/\\\/www.harlander-stiftung.de\\\/#website\",\"url\":\"https:\\\/\\\/www.harlander-stiftung.de\\\/\",\"name\":\"Harlander-Stiftung\",\"description\":\"Zukunft durch Bildung\",\"publisher\":{\"@id\":\"https:\\\/\\\/www.harlander-stiftung.de\\\/#organization\"},\"potentialAction\":[{\"@type\":\"SearchAction\",\"target\":{\"@type\":\"EntryPoint\",\"urlTemplate\":\"https:\\\/\\\/www.harlander-stiftung.de\\\/?s={search_term_string}\"},\"query-input\":{\"@type\":\"PropertyValueSpecification\",\"valueRequired\":true,\"valueName\":\"search_term_string\"}}],\"inLanguage\":\"de\"},{\"@type\":\"Organization\",\"@id\":\"https:\\\/\\\/www.harlander-stiftung.de\\\/#organization\",\"name\":\"Harlander-Stiftung\",\"url\":\"https:\\\/\\\/www.harlander-stiftung.de\\\/\",\"logo\":{\"@type\":\"ImageObject\",\"inLanguage\":\"de\",\"@id\":\"https:\\\/\\\/www.harlander-stiftung.de\\\/#\\\/schema\\\/logo\\\/image\\\/\",\"url\":\"https:\\\/\\\/www.harlander-stiftung.de\\\/wp-content\\\/uploads\\\/2016\\\/02\\\/cropped-cropped-Galaxy-Desktop-Wallpapers-1.jpg\",\"contentUrl\":\"https:\\\/\\\/www.harlander-stiftung.de\\\/wp-content\\\/uploads\\\/2016\\\/02\\\/cropped-cropped-Galaxy-Desktop-Wallpapers-1.jpg\",\"width\":290,\"height\":70,\"caption\":\"Harlander-Stiftung\"},\"image\":{\"@id\":\"https:\\\/\\\/www.harlander-stiftung.de\\\/#\\\/schema\\\/logo\\\/image\\\/\"}},{\"@type\":\"Person\",\"@id\":\"https:\\\/\\\/www.harlander-stiftung.de\\\/#\\\/schema\\\/person\\\/0c159d98ebc303f577c571e89d8e2c13\",\"name\":\"Michaela Harlander\",\"image\":{\"@type\":\"ImageObject\",\"inLanguage\":\"de\",\"@id\":\"https:\\\/\\\/secure.gravatar.com\\\/avatar\\\/be0bbd9b80207b69da9cb02193b9a743c2dc85e8e69712b51a6cd1377290c515?s=96&d=mm&r=g\",\"url\":\"https:\\\/\\\/secure.gravatar.com\\\/avatar\\\/be0bbd9b80207b69da9cb02193b9a743c2dc85e8e69712b51a6cd1377290c515?s=96&d=mm&r=g\",\"contentUrl\":\"https:\\\/\\\/secure.gravatar.com\\\/avatar\\\/be0bbd9b80207b69da9cb02193b9a743c2dc85e8e69712b51a6cd1377290c515?s=96&d=mm&r=g\",\"caption\":\"Michaela Harlander\"},\"sameAs\":[\"http:\\\/\\\/www.harlan.de\"],\"url\":\"https:\\\/\\\/www.harlander-stiftung.de\\\/?author=2\"}]}<\/script>\n<!-- \/ Yoast SEO plugin. -->","yoast_head_json":{"title":"Ehrung f\u00fcr die Harlander-Stiftung - Harlander-Stiftung","robots":{"index":"index","follow":"follow","max-snippet":"max-snippet:-1","max-image-preview":"max-image-preview:large","max-video-preview":"max-video-preview:-1"},"canonical":"https:\/\/www.harlander-stiftung.de\/?p=454","og_locale":"de_DE","og_type":"article","og_title":"Ehrung f\u00fcr die Harlander-Stiftung - Harlander-Stiftung","og_description":"Was f\u00fcr eine \u00dcberraschung! Und was f\u00fcr eine Freude! Am 16. Januar 2026 fand der Neujahrsempfang der Gemeinde Kirchheim statt. Es ist gute Tradition, dass dort Menschen und Institutionen geehrt werden, die die Gemeinschaft aller Kirchheimerinnen und Kirchheim weiterbringen. Zu den Geehrten geh\u00f6rte diesmal auch die Harlander-Stiftung, die anl\u00e4sslich ihres 10-j\u00e4hrigen Bestehens f\u00fcr ihr Engagement in Kirchheim ausgezeichnet wurde. \u00dcbergeben wurde die Urkunde durch den ersten B\u00fcrgermeister Stephan Keck an&hellip;","og_url":"https:\/\/www.harlander-stiftung.de\/?p=454","og_site_name":"Harlander-Stiftung","article_published_time":"2026-01-20T11:07:06+00:00","article_modified_time":"2026-01-20T11:08:10+00:00","og_image":[{"width":1772,"height":1181,"url":"https:\/\/www.harlander-stiftung.de\/wp-content\/uploads\/2026\/01\/Ehrung-1.jpg","type":"image\/jpeg"}],"author":"Michaela Harlander","twitter_card":"summary_large_image","twitter_misc":{"Verfasst von":"Michaela Harlander","Gesch\u00e4tzte Lesezeit":"1\u00a0Minute"},"schema":{"@context":"https:\/\/schema.org","@graph":[{"@type":"Article","@id":"https:\/\/www.harlander-stiftung.de\/?p=454#article","isPartOf":{"@id":"https:\/\/www.harlander-stiftung.de\/?p=454"},"author":{"name":"Michaela Harlander","@id":"https:\/\/www.harlander-stiftung.de\/#\/schema\/person\/0c159d98ebc303f577c571e89d8e2c13"},"headline":"Ehrung f\u00fcr die Harlander-Stiftung","datePublished":"2026-01-20T11:07:06+00:00","dateModified":"2026-01-20T11:08:10+00:00","mainEntityOfPage":{"@id":"https:\/\/www.harlander-stiftung.de\/?p=454"},"wordCount":116,"commentCount":0,"publisher":{"@id":"https:\/\/www.harlander-stiftung.de\/#organization"},"image":{"@id":"https:\/\/www.harlander-stiftung.de\/?p=454#primaryimage"},"thumbnailUrl":"https:\/\/www.harlander-stiftung.de\/wp-content\/uploads\/2026\/01\/Ehrung-1.jpg","articleSection":["Sonstiges"],"inLanguage":"de","potentialAction":[{"@type":"CommentAction","name":"Comment","target":["https:\/\/www.harlander-stiftung.de\/?p=454#respond"]}]},{"@type":"WebPage","@id":"https:\/\/www.harlander-stiftung.de\/?p=454","url":"https:\/\/www.harlander-stiftung.de\/?p=454","name":"Ehrung f\u00fcr die Harlander-Stiftung - Harlander-Stiftung","isPartOf":{"@id":"https:\/\/www.harlander-stiftung.de\/#website"},"primaryImageOfPage":{"@id":"https:\/\/www.harlander-stiftung.de\/?p=454#primaryimage"},"image":{"@id":"https:\/\/www.harlander-stiftung.de\/?p=454#primaryimage"},"thumbnailUrl":"https:\/\/www.harlander-stiftung.de\/wp-content\/uploads\/2026\/01\/Ehrung-1.jpg","datePublished":"2026-01-20T11:07:06+00:00","dateModified":"2026-01-20T11:08:10+00:00","breadcrumb":{"@id":"https:\/\/www.harlander-stiftung.de\/?p=454#breadcrumb"},"inLanguage":"de","potentialAction":[{"@type":"ReadAction","target":["https:\/\/www.harlander-stiftung.de\/?p=454"]}]},{"@type":"ImageObject","inLanguage":"de","@id":"https:\/\/www.harlander-stiftung.de\/?p=454#primaryimage","url":"https:\/\/www.harlander-stiftung.de\/wp-content\/uploads\/2026\/01\/Ehrung-1.jpg","contentUrl":"https:\/\/www.harlander-stiftung.de\/wp-content\/uploads\/2026\/01\/Ehrung-1.jpg","width":1772,"height":1181},{"@type":"BreadcrumbList","@id":"https:\/\/www.harlander-stiftung.de\/?p=454#breadcrumb","itemListElement":[{"@type":"ListItem","position":1,"name":"Startseite","item":"https:\/\/www.harlander-stiftung.de\/"},{"@type":"ListItem","position":2,"name":"Ehrung f\u00fcr die Harlander-Stiftung"}]},{"@type":"WebSite","@id":"https:\/\/www.harlander-stiftung.de\/#website","url":"https:\/\/www.harlander-stiftung.de\/","name":"Harlander-Stiftung","description":"Zukunft durch Bildung","publisher":{"@id":"https:\/\/www.harlander-stiftung.de\/#organization"},"potentialAction":[{"@type":"SearchAction","target":{"@type":"EntryPoint","urlTemplate":"https:\/\/www.harlander-stiftung.de\/?s={search_term_string}"},"query-input":{"@type":"PropertyValueSpecification","valueRequired":true,"valueName":"search_term_string"}}],"inLanguage":"de"},{"@type":"Organization","@id":"https:\/\/www.harlander-stiftung.de\/#organization","name":"Harlander-Stiftung","url":"https:\/\/www.harlander-stiftung.de\/","logo":{"@type":"ImageObject","inLanguage":"de","@id":"https:\/\/www.harlander-stiftung.de\/#\/schema\/logo\/image\/","url":"https:\/\/www.harlander-stiftung.de\/wp-content\/uploads\/2016\/02\/cropped-cropped-Galaxy-Desktop-Wallpapers-1.jpg","contentUrl":"https:\/\/www.harlander-stiftung.de\/wp-content\/uploads\/2016\/02\/cropped-cropped-Galaxy-Desktop-Wallpapers-1.jpg","width":290,"height":70,"caption":"Harlander-Stiftung"},"image":{"@id":"https:\/\/www.harlander-stiftung.de\/#\/schema\/logo\/image\/"}},{"@type":"Person","@id":"https:\/\/www.harlander-stiftung.de\/#\/schema\/person\/0c159d98ebc303f577c571e89d8e2c13","name":"Michaela Harlander","image":{"@type":"ImageObject","inLanguage":"de","@id":"https:\/\/secure.gravatar.com\/avatar\/be0bbd9b80207b69da9cb02193b9a743c2dc85e8e69712b51a6cd1377290c515?s=96&d=mm&r=g","url":"https:\/\/secure.gravatar.com\/avatar\/be0bbd9b80207b69da9cb02193b9a743c2dc85e8e69712b51a6cd1377290c515?s=96&d=mm&r=g","contentUrl":"https:\/\/secure.gravatar.com\/avatar\/be0bbd9b80207b69da9cb02193b9a743c2dc85e8e69712b51a6cd1377290c515?s=96&d=mm&r=g","caption":"Michaela Harlander"},"sameAs":["http:\/\/www.harlan.de"],"url":"https:\/\/www.harlander-stiftung.de\/?author=2"}]}},"_links":{"self":[{"href":"https:\/\/www.harlander-stiftung.de\/index.php?rest_route=\/wp\/v2\/posts\/454","targetHints":{"allow":["GET"]}}],"collection":[{"href":"https:\/\/www.harlander-stiftung.de\/index.php?rest_route=\/wp\/v2\/posts"}],"about":[{"href":"https:\/\/www.harlander-stiftung.de\/index.php?rest_route=\/wp\/v2\/types\/post"}],"author":[{"embeddable":true,"href":"https:\/\/www.harlander-stiftung.de\/index.php?rest_route=\/wp\/v2\/users\/2"}],"replies":[{"embeddable":true,"href":"https:\/\/www.harlander-stiftung.de\/index.php?rest_route=%2Fwp%2Fv2%2Fcomments&post=454"}],"version-history":[{"count":2,"href":"https:\/\/www.harlander-stiftung.de\/index.php?rest_route=\/wp\/v2\/posts\/454\/revisions"}],"predecessor-version":[{"id":457,"href":"https:\/\/www.harlander-stiftung.de\/index.php?rest_route=\/wp\/v2\/posts\/454\/revisions\/457"}],"wp:featuredmedia":[{"embeddable":true,"href":"https:\/\/www.harlander-stiftung.de\/index.php?rest_route=\/wp\/v2\/media\/455"}],"wp:attachment":[{"href":"https:\/\/www.harlander-stiftung.de\/index.php?rest_route=%2Fwp%2Fv2%2Fmedia&parent=454"}],"wp:term":[{"taxonomy":"category","embeddable":true,"href":"https:\/\/www.harlander-stiftung.de\/index.php?rest_route=%2Fwp%2Fv2%2Fcategories&post=454"},{"taxonomy":"post_tag","embeddable":true,"href":"https:\/\/www.harlander-stiftung.de\/index.php?rest_route=%2Fwp%2Fv2%2Ftags&post=454"}],"curies":[{"name":"wp","href":"https:\/\/api.w.org\/{rel}","templated":true}]}}